{"id":531,"date":"2026-03-18T21:35:19","date_gmt":"2026-03-18T20:35:19","guid":{"rendered":"https:\/\/anarufian.com\/blog\/?p=531"},"modified":"2026-04-20T08:20:41","modified_gmt":"2026-04-20T06:20:41","slug":"las-objeciones-mas-comunes-para-no-hacer-un-curso-de-oratoria-y-lo-que-realmente-esconden","status":"publish","type":"post","link":"https:\/\/anarufian.com\/blog\/formacion-mentoria-y-desarrollo-profesional\/las-objeciones-mas-comunes-para-no-hacer-un-curso-de-oratoria-y-lo-que-realmente-esconden\/","title":{"rendered":"Las objeciones m\u00e1s comunes para no hacer un curso de oratoria (y lo que realmente esconden)"},"content":{"rendered":"\n<p>Si algo he aprendido despu\u00e9s de tantos a\u00f1os comunicando \u2014y de ver a tantas personas brillantes quedarse calladas\u2014 es que casi nadie se frena por falta de capacidad. La mayor\u00eda lo hace por las historias que se cuentan a s\u00ed mismos. Argumentos que parecen muy razonables, pero que en el fondo esconden miedo, inseguridad o simplemente desconocimiento.<\/p>\n\n\n\n<div style=\"height:12px\" aria-hidden=\"true\" class=\"wp-block-spacer\"><\/div>\n\n\n\n<p>Y lo s\u00e9 porque yo tambi\u00e9n me las cont\u00e9 alguna vez. Por eso hoy quiero compartir contigo esas objeciones que escucho una y otra vez\u2026 y lo que realmente hay detr\u00e1s de cada una de ellas.<\/p>\n\n\n\n<div style=\"height:100px\" aria-hidden=\"true\" class=\"wp-block-spacer\"><\/div>\n\n\n\n<blockquote class=\"wp-block-quote is-layout-flow wp-block-quote-is-layout-flow\">\n<p><strong>\u201cNo es mi momento\u201d<\/strong> <\/p>\n<\/blockquote>\n\n\n\n<p>Esta frase suena tan l\u00f3gica que casi da pena desmontarla. Siempre hay algo que hacer, algo que atender, algo que posponer. La vida nunca se queda quieta, y esperar a que llegue \u201cel momento perfecto\u201d es como esperar a que el mar deje de moverse para poder nadar.<\/p>\n\n\n\n<p>Cuando yo empec\u00e9 en televisi\u00f3n, tampoco era \u201cel momento\u201d. No me sent\u00eda lista, no ten\u00eda la seguridad que cre\u00eda necesitar, y desde luego no ten\u00eda la experiencia. Pero si hubiera esperado a sentirme preparada, todav\u00eda estar\u00eda esperando.<\/p>\n\n\n\n<p>El momento perfecto no existe. Solo t\u00fa tienes la capacidad de convertir un momento en el adecuado cuando decides dar el primer paso.<\/p>\n\n\n\n<blockquote class=\"wp-block-quote is-layout-flow wp-block-quote-is-layout-flow\">\n<p><strong>\u201cHablar en p\u00fablico no es lo m\u00edo\u201d<\/strong> <\/p>\n<\/blockquote>\n\n\n\n<p>Esta es una de las m\u00e1s dolorosas, porque suele venir de experiencias reales: aquella vez que tartamudeaste, aquella presentaci\u00f3n que sali\u00f3 mal, aquella reuni\u00f3n en la que no supiste expresarte. Y entonces tu mente hace lo que mejor sabe hacer: generalizar.<\/p>\n\n\n\n<blockquote class=\"wp-block-quote is-layout-flow wp-block-quote-is-layout-flow\">\n<p><strong>\u201cSi me sali\u00f3 mal una vez, es que no valgo para esto.\u201d<\/strong><\/p>\n<\/blockquote>\n\n\n\n<p>Pero comunicar no es un talento reservado para unos pocos. Es una habilidad. Y como cualquier habilidad, se entrena. Yo no nac\u00ed sabiendo hablar delante de una c\u00e1mara. De hecho, mis primeros a\u00f1os fueron un festival de errores: voces temblorosas, frases sin sentido, silencios inc\u00f3modos. Pero cada uno de esos momentos fue parte del aprendizaje.<\/p>\n\n\n\n<p>No eres malo o mala hablando. Es solo que no has practicado lo suficiente.<\/p>\n\n\n\n<blockquote class=\"wp-block-quote is-layout-flow wp-block-quote-is-layout-flow\">\n<p><strong>\u201cMe da much\u00edsima verg\u00fcenza\u201d<\/strong><\/p>\n<\/blockquote>\n\n\n\n<p>La verg\u00fcenza es tan humana que casi deber\u00eda considerarse un \u00f3rgano m\u00e1s del cuerpo. Todos la sentimos. Incluso ahora, despu\u00e9s de dos d\u00e9cadas frente a las c\u00e1maras y en los escenarios, hay situaciones que me ponen nerviosa.<\/p>\n\n\n\n<p>La verg\u00fcenza no es un enemigo. Es una se\u00f1al de que te importa, un sentido de la responsabilidad. Y el problema no est\u00e1 en sentirla, sino en dejar que te paralice.<\/p>\n\n\n\n<p>Un curso de oratoria no es un escenario lleno de focos. Es un espacio seguro donde puedes equivocarte sin consecuencias, donde puedes probar, fallar, re\u00edrte de ti mismo y volver a intentarlo. Es el lugar perfecto para que la verg\u00fcenza deje de ser un muro y se convierta en un puente.<\/p>\n\n\n\n<blockquote class=\"wp-block-quote is-layout-flow wp-block-quote-is-layout-flow\">\n<p><strong>\u201cNo quiero parecer artificial\u201d<\/strong><\/p>\n<\/blockquote>\n\n\n\n<p>Esta objeci\u00f3n me toca especialmente porque yo tambi\u00e9n la tuve. Pensaba que aprender t\u00e9cnicas me convertir\u00eda en alguien r\u00edgido, impostado, poco natural. Pero descubr\u00ed justo lo contrario: la t\u00e9cnica no te aleja de tu autenticidad.<\/p>\n\n\n\n<p>Por el contrario, conocer los c\u00f3digos te ayuda a expresarte mejor. Y no se trata de memorizar discursos ni de sonar perfecto. Se trata de ordenar tus ideas, de respirar de forma adecuada, de conectar con tu audiencia desde un lugar m\u00e1s claro y m\u00e1s honesto. La buena oratoria no te convierte en un personaje; te hace reconectar contigo mismo, pero con m\u00e1s herramientas.<\/p>\n\n\n\n<blockquote class=\"wp-block-quote is-layout-flow wp-block-quote-is-layout-flow\">\n<p><strong>\u201cSeguro que no es para m\u00ed\u201d<\/strong><\/p>\n<\/blockquote>\n\n\n\n<p>Esta frase suele venir acompa\u00f1ada de un suspiro y una mirada hacia abajo. Es la objeci\u00f3n m\u00e1s triste, porque esconde algo profundo: el miedo a no estar a la altura.<\/p>\n\n\n\n<div style=\"height:22px\" aria-hidden=\"true\" class=\"wp-block-spacer\"><\/div>\n\n\n\n<p>Pero d\u00e9jame decirte algo con toda la sinceridad del mundo: la oratoria es para cualquiera que tenga algo que decir. Y estoy convencida de que tienes mucho que aportar al mundo.<\/p>\n\n\n\n<p>No necesitas ser el m\u00e1s extrovertido, la m\u00e1s carism\u00e1tica o atesorar a\u00f1os de experiencia. Solo necesitas tener una voz\u2026 y ya la tienes.<\/p>\n\n\n\n<p><strong><a href=\"https:\/\/anarufian.com\/\">Por eso en mi curso y en mi libro no me guardo nada<\/a><\/strong>, porque s\u00e9 lo que se siente y soy muy consciente de lo que cuesta dar el primer paso. Por eso en mi curso online y en mi libro te lo cuento todo tal cual: sin florituras, sin tecnicismos, sin adornos innecesarios.<\/p>\n\n\n\n<p>Solo lo que funciona. Y tambi\u00e9n lo que no te va a ayudar jam\u00e1s. Contienen lo que aprend\u00ed a base de errores, de directos, de nervios y de pr\u00e1ctica real. Todo explicado de forma sencilla, pr\u00e1ctica y honesta. C\u00f3mo me habr\u00eda gustado que me lo explicaran a m\u00ed.<\/p>\n\n\n\n<div style=\"height:21px\" aria-hidden=\"true\" class=\"wp-block-spacer\"><\/div>\n\n\n\n<p>Puedes verlos aqu\u00ed: <a target=\"_blank\" rel=\"noreferrer noopener\" href=\"https:\/\/anarufian.com\/\">https:\/\/anarufian.com\/<\/a><\/p>\n\n\n\n<p><strong>Cr\u00e9eme si te digo que la pregunta no es si puedes. La pregunta es cu\u00e1nto m\u00e1s quieres esperar para empezar a hacerlo.<\/strong><\/p>\n\n\n\n<div style=\"height:100px\" aria-hidden=\"true\" class=\"wp-block-spacer\"><\/div>\n","protected":false},"excerpt":{"rendered":"<p>Si algo he aprendido despu\u00e9s de tantos a\u00f1os comunicando \u2014y de ver a tantas personas brillantes quedarse calladas\u2014 es que casi nadie se frena por falta de capacidad. La mayor\u00eda lo hace por la","protected":false},"author":1,"featured_media":534,"comment_status":"open","ping_status":"open","sticky":false,"template":"","format":"standard","meta":{"footnotes":""},"categories":[56],"tags":[],"class_list":["post-531","post","type-post","status-publish","format-standard","has-post-thumbnail","hentry","category-formacion-mentoria-y-desarrollo-profesional"],"_links":{"self":[{"href":"https:\/\/anarufian.com\/blog\/wp-json\/wp\/v2\/posts\/531","targetHints":{"allow":["GET"]}}],"collection":[{"href":"https:\/\/anarufian.com\/blog\/wp-json\/wp\/v2\/posts"}],"about":[{"href":"https:\/\/anarufian.com\/blog\/wp-json\/wp\/v2\/types\/post"}],"author":[{"embeddable":true,"href":"https:\/\/anarufian.com\/blog\/wp-json\/wp\/v2\/users\/1"}],"replies":[{"embeddable":true,"href":"https:\/\/anarufian.com\/blog\/wp-json\/wp\/v2\/comments?post=531"}],"version-history":[{"count":2,"href":"https:\/\/anarufian.com\/blog\/wp-json\/wp\/v2\/posts\/531\/revisions"}],"predecessor-version":[{"id":533,"href":"https:\/\/anarufian.com\/blog\/wp-json\/wp\/v2\/posts\/531\/revisions\/533"}],"wp:featuredmedia":[{"embeddable":true,"href":"https:\/\/anarufian.com\/blog\/wp-json\/wp\/v2\/media\/534"}],"wp:attachment":[{"href":"https:\/\/anarufian.com\/blog\/wp-json\/wp\/v2\/media?parent=531"}],"wp:term":[{"taxonomy":"category","embeddable":true,"href":"https:\/\/anarufian.com\/blog\/wp-json\/wp\/v2\/categories?post=531"},{"taxonomy":"post_tag","embeddable":true,"href":"https:\/\/anarufian.com\/blog\/wp-json\/wp\/v2\/tags?post=531"}],"curies":[{"name":"wp","href":"https:\/\/api.w.org\/{rel}","templated":true}]}}