{"id":555,"date":"2026-04-15T11:37:28","date_gmt":"2026-04-15T09:37:28","guid":{"rendered":"https:\/\/anarufian.com\/blog\/?p=555"},"modified":"2026-04-15T11:38:05","modified_gmt":"2026-04-15T09:38:05","slug":"de-mis-primeros-temarios-para-reporteros-a-la-comunicacion-profesional-de-hoy","status":"publish","type":"post","link":"https:\/\/anarufian.com\/blog\/marca-personal-y-storytelling\/de-mis-primeros-temarios-para-reporteros-a-la-comunicacion-profesional-de-hoy\/","title":{"rendered":"De mis primeros temarios para reporteros a la comunicaci\u00f3n profesional de hoy"},"content":{"rendered":"\n<p>Cuando prepar\u00e9 mi primer temario para futuros reporteros de televisi\u00f3n, no imaginaba que aquel documento \u2014sencillo, directo y tremendamente pr\u00e1ctico\u2014 acabar\u00eda convirti\u00e9ndose en una br\u00fajula para entender la comunicaci\u00f3n en cualquier contexto profesional.<\/p>\n\n\n\n<p>Durante cinco a\u00f1os, bajo la marca <strong>Ser Parlante<\/strong>, tuve la oportunidad de acompa\u00f1ar a decenas de j\u00f3venes que so\u00f1aban con contar historias frente a una c\u00e1mara. Algunos de ellos hoy brillan en redacciones, plat\u00f3s y medios nacionales. Y para m\u00ed fue una experiencia profundamente enriquecedora: aprend\u00ed la importancia de tener un mentor que hable tu mismo idioma, que entienda tus miedos y comparta tus preocupaciones. Ese acompa\u00f1amiento marca la diferencia.<\/p>\n\n\n\n<p>Hab\u00eda una frase que escrib\u00ed en aquel temario y que a\u00fan repito en mis formaciones:<\/p>\n\n\n\n<blockquote class=\"wp-block-quote is-layout-flow wp-block-quote-is-layout-flow\">\n<p><strong>\u201cLa seguridad de ir bien preparados es la garant\u00eda de \u00e9xito en la conexi\u00f3n.\u201d<\/strong><\/p>\n<\/blockquote>\n\n\n\n<p>Lo que en su d\u00eda aplicaba a un directo televisivo, hoy es una regla universal en mis formaciones.<\/p>\n\n\n\n<div style=\"height:29px\" aria-hidden=\"true\" class=\"wp-block-spacer\"><\/div>\n\n\n\n<h2 class=\"wp-block-heading\"><a><\/a><strong>Prepararse sigue siendo la clave<\/strong><\/h2>\n\n\n\n<p>En televisi\u00f3n sol\u00eda decir: <strong>\u201cPara hablar 1 minuto, se necesita 1 hora de preparaci\u00f3n.\u201d<\/strong>&nbsp;<\/p>\n\n\n\n<p>No era una exageraci\u00f3n: era una forma de entender que la claridad nace del trabajo previo.<\/p>\n\n\n\n<p>Ese principio se traslada hoy a cualquier \u00e1mbito en el que haya que comunicar:<\/p>\n\n\n\n<ul class=\"wp-block-list\">\n<li>preparar una intervenci\u00f3n en p\u00fablico<\/li>\n\n\n\n<li>estructurar un mensaje corporativo<\/li>\n\n\n\n<li>dise\u00f1ar una comunicaci\u00f3n interna eficaz<\/li>\n<\/ul>\n\n\n\n<p>Saber qu\u00e9 queremos decir, cu\u00e1nto tiempo tenemos y qu\u00e9 espera la audiencia es tan importante en un plat\u00f3 como en una sala de juntas.<\/p>\n\n\n\n<div style=\"height:29px\" aria-hidden=\"true\" class=\"wp-block-spacer\"><\/div>\n\n\n\n<figure class=\"wp-block-gallery has-nested-images columns-2 is-cropped wp-block-gallery-1 is-layout-flex wp-block-gallery-is-layout-flex\">\n<figure class=\"wp-block-image size-full\"><img loading=\"lazy\" decoding=\"async\" width=\"900\" height=\"600\" data-id=\"566\" src=\"https:\/\/anarufian.com\/blog\/wp-content\/uploads\/2026\/04\/reportajes-03-1.jpg\" alt=\"\" class=\"wp-image-566\" srcset=\"https:\/\/anarufian.com\/blog\/wp-content\/uploads\/2026\/04\/reportajes-03-1.jpg 900w, https:\/\/anarufian.com\/blog\/wp-content\/uploads\/2026\/04\/reportajes-03-1-300x200.jpg 300w, https:\/\/anarufian.com\/blog\/wp-content\/uploads\/2026\/04\/reportajes-03-1-768x512.jpg 768w\" sizes=\"auto, (max-width: 900px) 100vw, 900px\" \/><\/figure>\n\n\n\n<figure class=\"wp-block-image size-full\"><img loading=\"lazy\" decoding=\"async\" width=\"900\" height=\"600\" data-id=\"567\" src=\"https:\/\/anarufian.com\/blog\/wp-content\/uploads\/2026\/04\/reportajes-05-1.jpg\" alt=\"\" class=\"wp-image-567\" srcset=\"https:\/\/anarufian.com\/blog\/wp-content\/uploads\/2026\/04\/reportajes-05-1.jpg 900w, https:\/\/anarufian.com\/blog\/wp-content\/uploads\/2026\/04\/reportajes-05-1-300x200.jpg 300w, https:\/\/anarufian.com\/blog\/wp-content\/uploads\/2026\/04\/reportajes-05-1-768x512.jpg 768w\" sizes=\"auto, (max-width: 900px) 100vw, 900px\" \/><\/figure>\n\n\n\n<figure class=\"wp-block-image size-full\"><img loading=\"lazy\" decoding=\"async\" width=\"900\" height=\"600\" data-id=\"564\" src=\"https:\/\/anarufian.com\/blog\/wp-content\/uploads\/2026\/04\/reportajes-01-1.jpg\" alt=\"\" class=\"wp-image-564\" srcset=\"https:\/\/anarufian.com\/blog\/wp-content\/uploads\/2026\/04\/reportajes-01-1.jpg 900w, https:\/\/anarufian.com\/blog\/wp-content\/uploads\/2026\/04\/reportajes-01-1-300x200.jpg 300w, https:\/\/anarufian.com\/blog\/wp-content\/uploads\/2026\/04\/reportajes-01-1-768x512.jpg 768w\" sizes=\"auto, (max-width: 900px) 100vw, 900px\" \/><\/figure>\n\n\n\n<figure class=\"wp-block-image size-full\"><img loading=\"lazy\" decoding=\"async\" width=\"900\" height=\"600\" data-id=\"563\" src=\"https:\/\/anarufian.com\/blog\/wp-content\/uploads\/2026\/04\/reportajes-02-1.jpg\" alt=\"\" class=\"wp-image-563\" srcset=\"https:\/\/anarufian.com\/blog\/wp-content\/uploads\/2026\/04\/reportajes-02-1.jpg 900w, https:\/\/anarufian.com\/blog\/wp-content\/uploads\/2026\/04\/reportajes-02-1-300x200.jpg 300w, https:\/\/anarufian.com\/blog\/wp-content\/uploads\/2026\/04\/reportajes-02-1-768x512.jpg 768w\" sizes=\"auto, (max-width: 900px) 100vw, 900px\" \/><\/figure>\n\n\n\n<figure class=\"wp-block-image size-full\"><img loading=\"lazy\" decoding=\"async\" width=\"900\" height=\"600\" data-id=\"562\" src=\"https:\/\/anarufian.com\/blog\/wp-content\/uploads\/2026\/04\/reportajes-00-1.jpg\" alt=\"\" class=\"wp-image-562\" srcset=\"https:\/\/anarufian.com\/blog\/wp-content\/uploads\/2026\/04\/reportajes-00-1.jpg 900w, https:\/\/anarufian.com\/blog\/wp-content\/uploads\/2026\/04\/reportajes-00-1-300x200.jpg 300w, https:\/\/anarufian.com\/blog\/wp-content\/uploads\/2026\/04\/reportajes-00-1-768x512.jpg 768w\" sizes=\"auto, (max-width: 900px) 100vw, 900px\" \/><\/figure>\n\n\n\n<figure class=\"wp-block-image size-full\"><img loading=\"lazy\" decoding=\"async\" width=\"900\" height=\"600\" data-id=\"565\" src=\"https:\/\/anarufian.com\/blog\/wp-content\/uploads\/2026\/04\/reportajes-04-1.jpg\" alt=\"\" class=\"wp-image-565\" srcset=\"https:\/\/anarufian.com\/blog\/wp-content\/uploads\/2026\/04\/reportajes-04-1.jpg 900w, https:\/\/anarufian.com\/blog\/wp-content\/uploads\/2026\/04\/reportajes-04-1-300x200.jpg 300w, https:\/\/anarufian.com\/blog\/wp-content\/uploads\/2026\/04\/reportajes-04-1-768x512.jpg 768w\" sizes=\"auto, (max-width: 900px) 100vw, 900px\" \/><\/figure>\n<\/figure>\n\n\n\n<div style=\"height:29px\" aria-hidden=\"true\" class=\"wp-block-spacer\"><\/div>\n\n\n\n<h2 class=\"wp-block-heading\"><a><\/a><strong>Documentarse y concretar: dos habilidades universales<\/strong><\/h2>\n\n\n\n<p>En aquel temario insist\u00eda en dos verbos: <strong>contrastar<\/strong> y <strong>concretar<\/strong>.<\/p>\n\n\n\n<p>Escrib\u00ed:<\/p>\n\n\n\n<blockquote class=\"wp-block-quote is-layout-flow wp-block-quote-is-layout-flow\">\n<p><strong>\u201cEn una conexi\u00f3n de tiempo limitado debemos ser escrupulosos y quedarnos con los datos m\u00e1s relevantes.\u201d<\/strong><\/p>\n<\/blockquote>\n\n\n\n<p>Ese criterio es oro puro para cualquier profesional que comunique:<\/p>\n\n\n\n<ul class=\"wp-block-list\">\n<li>evita la sobreinformaci\u00f3n<\/li>\n\n\n\n<li>obliga a priorizar<\/li>\n\n\n\n<li>mejora la claridad del mensaje<\/li>\n<\/ul>\n\n\n\n<p>En un mundo saturado de contenido, <strong>la capacidad de simplificar es casi un superpoder<\/strong>.<\/p>\n\n\n\n<div style=\"height:29px\" aria-hidden=\"true\" class=\"wp-block-spacer\"><\/div>\n\n\n\n<h2 class=\"wp-block-heading\"><a><\/a><strong>La voz, la postura y la imagen: comunicar m\u00e1s all\u00e1 de las palabras<\/strong><\/h2>\n\n\n\n<p>Recordaba a mis alumnos que comunicamos mucho m\u00e1s con el cuerpo y la voz que con las palabras:<\/p>\n\n\n\n<blockquote class=\"wp-block-quote is-layout-flow wp-block-quote-is-layout-flow\">\n<p><strong>\u201cComunicaci\u00f3n no verbal 55%, paraverbal 38%, verbal 7%.\u201d<\/strong><\/p>\n<\/blockquote>\n\n\n\n<p>Lo que ense\u00f1aba a reporteros para sus directos es igual de \u00fatil para:<\/p>\n\n\n\n<ul class=\"wp-block-list\">\n<li>l\u00edderes que hablan ante sus equipos<\/li>\n\n\n\n<li>profesionales que presentan proyectos<\/li>\n\n\n\n<li>portavoces que atienden a medios<\/li>\n\n\n\n<li>creadores de contenido que se graban para redes<\/li>\n<\/ul>\n\n\n\n<p>La postura, la mirada, la respiraci\u00f3n y la naturalidad siguen siendo herramientas esenciales para transmitir credibilidad.<\/p>\n\n\n\n<div style=\"height:29px\" aria-hidden=\"true\" class=\"wp-block-spacer\"><\/div>\n\n\n\n<h2 class=\"wp-block-heading\"><a><\/a><strong>El estilo propio: tambi\u00e9n en la empresa<\/strong><\/h2>\n\n\n\n<p>A mis alumnos les dec\u00eda:<\/p>\n\n\n\n<blockquote class=\"wp-block-quote is-layout-flow wp-block-quote-is-layout-flow\">\n<p><strong>\u201cCrea tu personaje, pero que sea una evoluci\u00f3n de tu propia persona.\u201d<\/strong><\/p>\n<\/blockquote>\n\n\n\n<p>No se trataba de actuar, sino de encontrar una forma aut\u00e9ntica de comunicar.<\/p>\n\n\n\n<p>Ese consejo hoy es igual de v\u00e1lido para:<\/p>\n\n\n\n<ul class=\"wp-block-list\">\n<li>construir una marca personal<\/li>\n\n\n\n<li>definir el tono de una empresa<\/li>\n\n\n\n<li>comunicar desde la coherencia<\/li>\n<\/ul>\n\n\n\n<p>La autenticidad sigue siendo la base de la confianza.<\/p>\n\n\n\n<div style=\"height:29px\" aria-hidden=\"true\" class=\"wp-block-spacer\"><\/div>\n\n\n\n<h2 class=\"wp-block-heading\"><a><\/a><strong>Gestionar imprevistos: una habilidad que trasciende la televisi\u00f3n<\/strong><\/h2>\n\n\n\n<p>En el temario hablaba de ruidos, ca\u00eddas, ataques de risa, entrevistados que se quedan en blanco\u2026 y c\u00f3mo gestionarlos sin perder la naturalidad.<\/p>\n\n\n\n<p>Ese entrenamiento para la improvisaci\u00f3n es tremendamente \u00fatil en:<\/p>\n\n\n\n<ul class=\"wp-block-list\">\n<li>reuniones inesperadas<\/li>\n\n\n\n<li>preguntas dif\u00edciles<\/li>\n\n\n\n<li>gesti\u00f3n de crisis<\/li>\n\n\n\n<li>situaciones de presi\u00f3n<\/li>\n<\/ul>\n\n\n\n<p>Porque, como escrib\u00ed entonces:<\/p>\n\n\n\n<blockquote class=\"wp-block-quote is-layout-flow wp-block-quote-is-layout-flow\">\n<p><strong>\u201cSomos personas transmitiendo informaci\u00f3n de la mejor manera que sabemos.\u201d<\/strong><\/p>\n<\/blockquote>\n\n\n\n<div style=\"height:29px\" aria-hidden=\"true\" class=\"wp-block-spacer\"><\/div>\n\n\n\n<h2 class=\"wp-block-heading\"><a><\/a><strong>Revisar, mejorar, evolucionar<\/strong><\/h2>\n\n\n\n<p>El documento terminaba con una idea que hoy es casi un mantra profesional:<\/p>\n\n\n\n<blockquote class=\"wp-block-quote is-layout-flow wp-block-quote-is-layout-flow\">\n<p><strong>\u201cPractica, practica, practica y vuelve a practicar.\u201d<\/strong><\/p>\n<\/blockquote>\n\n\n\n<p>Ver tus intervenciones, analizar tus gestos, pulir muletillas, mejorar la estructura\u2026 es un proceso continuo, tanto si hablas ante una c\u00e1mara como si lideras un equipo o representas a una marca.<\/p>\n\n\n\n<div style=\"height:29px\" aria-hidden=\"true\" class=\"wp-block-spacer\"><\/div>\n\n\n\n<h2 class=\"wp-block-heading\"><a><\/a><strong>Conclusi\u00f3n: un temario que naci\u00f3 para la televisi\u00f3n y hoy sirve para todos<\/strong><\/h2>\n\n\n\n<p>Lo que empez\u00f3 siendo un material para j\u00f3venes reporteros se ha convertido en una gu\u00eda atemporal sobre c\u00f3mo comunicar mejor.<\/p>\n\n\n\n<p>Porque comunicar bien no depende de una c\u00e1mara, sino de <strong>intenci\u00f3n, claridad y preparaci\u00f3n<\/strong>.<\/p>\n\n\n\n<p>Y si algo aprend\u00ed en aquellos cinco a\u00f1os acompa\u00f1ando a quienes se enfrentaban a un directo es que la comunicaci\u00f3n profesional \u2014sea donde sea\u2014 <strong>siempre se puede entrenar<\/strong>, especialmente cuando tienes a alguien a tu lado que entiende tu camino.<strong><\/strong><\/p>\n\n\n\n<p>En todos mis proyectos \u2014mis formaciones, mi curso online y mi libro\u2014 comparto esta misma filosof\u00eda: comunicar mejor es posible, y se aprende.<\/p>\n\n\n\n<p>As\u00ed que si quieres seguir profundizando en esta visi\u00f3n, te invito a explorar mi web y a contactar conmigo para acompa\u00f1arte en el impulso de tu comunicaci\u00f3n profesional.<\/p>\n\n\n\n<div style=\"height:75px\" aria-hidden=\"true\" class=\"wp-block-spacer\"><\/div>\n","protected":false},"excerpt":{"rendered":"<p>Cuando prepar\u00e9 mi primer temario para futuros reporteros de televisi\u00f3n, no imaginaba que aquel documento \u2014sencillo, directo y tremendamente pr\u00e1ctico\u2014 acabar\u00eda convirti\u00e9ndose en una br\u00fajul","protected":false},"author":1,"featured_media":561,"comment_status":"open","ping_status":"open","sticky":false,"template":"","format":"standard","meta":{"footnotes":""},"categories":[1],"tags":[51,52],"class_list":["post-555","post","type-post","status-publish","format-standard","has-post-thumbnail","hentry","category-marca-personal-y-storytelling","tag-reportajes","tag-reporteros"],"_links":{"self":[{"href":"https:\/\/anarufian.com\/blog\/wp-json\/wp\/v2\/posts\/555","targetHints":{"allow":["GET"]}}],"collection":[{"href":"https:\/\/anarufian.com\/blog\/wp-json\/wp\/v2\/posts"}],"about":[{"href":"https:\/\/anarufian.com\/blog\/wp-json\/wp\/v2\/types\/post"}],"author":[{"embeddable":true,"href":"https:\/\/anarufian.com\/blog\/wp-json\/wp\/v2\/users\/1"}],"replies":[{"embeddable":true,"href":"https:\/\/anarufian.com\/blog\/wp-json\/wp\/v2\/comments?post=555"}],"version-history":[{"count":2,"href":"https:\/\/anarufian.com\/blog\/wp-json\/wp\/v2\/posts\/555\/revisions"}],"predecessor-version":[{"id":569,"href":"https:\/\/anarufian.com\/blog\/wp-json\/wp\/v2\/posts\/555\/revisions\/569"}],"wp:featuredmedia":[{"embeddable":true,"href":"https:\/\/anarufian.com\/blog\/wp-json\/wp\/v2\/media\/561"}],"wp:attachment":[{"href":"https:\/\/anarufian.com\/blog\/wp-json\/wp\/v2\/media?parent=555"}],"wp:term":[{"taxonomy":"category","embeddable":true,"href":"https:\/\/anarufian.com\/blog\/wp-json\/wp\/v2\/categories?post=555"},{"taxonomy":"post_tag","embeddable":true,"href":"https:\/\/anarufian.com\/blog\/wp-json\/wp\/v2\/tags?post=555"}],"curies":[{"name":"wp","href":"https:\/\/api.w.org\/{rel}","templated":true}]}}